{"id":3648,"date":"2019-03-01T18:02:57","date_gmt":"2019-03-01T18:02:57","guid":{"rendered":"https:\/\/www.aquasportclubs.com\/blog\/radiofrequencia-facial\/"},"modified":"2019-06-28T15:24:26","modified_gmt":"2019-06-28T15:24:26","slug":"radiofrequencia-facial","status":"publish","type":"post","link":"https:\/\/www.aquasportclubs.com\/ca\/blog\/radiofrequencia-facial\/","title":{"rendered":"Radiofreq\u00fc\u00e8ncia Facial"},"content":{"rendered":"<p><img decoding=\"async\" class=\"rel= wp-image-3642 size-full aligncenter\" src=\"https:\/\/www.aquasportclubs.com\/wp-content\/uploads\/2019\/03\/radiofrecuencia-antiedad-rejuvenecimiento.jpg\" alt=\"Rejuvenecimiento Facial con Radiofrecuencia\" width=\"1024\" height=\"670\" srcset=\"https:\/\/www.aquasportclubs.com\/wp-content\/uploads\/2019\/03\/radiofrecuencia-antiedad-rejuvenecimiento.jpg 1024w, https:\/\/www.aquasportclubs.com\/wp-content\/uploads\/2019\/03\/radiofrecuencia-antiedad-rejuvenecimiento-300x196.jpg 300w, https:\/\/www.aquasportclubs.com\/wp-content\/uploads\/2019\/03\/radiofrecuencia-antiedad-rejuvenecimiento-768x503.jpg 768w, https:\/\/www.aquasportclubs.com\/wp-content\/uploads\/2019\/03\/radiofrecuencia-antiedad-rejuvenecimiento-700x458.jpg 700w\" sizes=\"(max-width: 1024px) 100vw, 1024px\" \/><\/p>\n<h1>Rejoveniment facial amb Radiofreq\u00fc\u00e8ncia a Vilanova i la Geltr\u00fa<\/h1>\n<h2>Qu\u00e8 \u00e9s la Radiofreq\u00fc\u00e8ncia Anti-edat facial?<\/h2>\n<p>La radiofreq\u00fc\u00e8ncia Medestec\u00ae, \u00e9s una tecnologia que genera un corrent el\u00e8ctric d&#8217;alta freq\u00fc\u00e8ncia. \u00c9s una radiofreq\u00fc\u00e8ncia mico polar, que treballa per sota de 1MH no escalfa els teixits des de l&#8217;exterior, ho fa des de l&#8217;interior, produeix un augment de la temperatura que va des de l&#8217;interior fins a l&#8217;exterior, a aix\u00f2 en diem diat\u00e8rmia.<\/p>\n<p>\u00c9s un m\u00e8tode segur i no invasiu per al tractament facial que aconsegueix revitalitzar la pell de forma natural i accelera l&#8217;equilibri i la regeneraci\u00f3 dels teixits.<\/p>\n<p>Aconseguirem que la sang flueixi millor, nodrint i oxigenant la pell, aconseguint el rejoveniment d&#8217;aquesta i millorant de les seves funcions. MEDESTESC\u00ae ha millorat les primeres t\u00e8cniques que hi havia al mercat, generant un m\u00e8tode propi, augmentant l&#8217;efic\u00e0cia, l&#8217;efectivitat i reduint el temps en els tractaments.<\/p>\n<h2>En qu\u00e8 consisteix la sessi\u00f3?<\/h2>\n<p>Despr\u00e9s d&#8217;haver netejat la pell, aplicarem els olis i cremes necess\u00e0ries que ens permetran treballar amb dos sistemes diferents en la mateixa sessi\u00f3 Capacitiu i resistiu, Per aix\u00f2 seran necessaris 2 maniples diferents que produiran l&#8217;energia en superf\u00edcie i en profunditat, segons el triat Es tracta de treballar sobre la pell de la cara i realitzant un confortable massatge amb aquests maniples, triant l&#8217;el\u00e8ctrode adequat per als diferents punts amb l&#8217;el\u00e8ctrode capacitiu trabaremos de manera superficial en epidermis fins a la capa c\u00f2rnia, reduint les l\u00ednies d&#8217;expressi\u00f3 i millorant la qualitat i lluminositat de la pell Amb l&#8217;el\u00e8ctrode resistiu aconseguirem arribar a capes m\u00e9s profundes treballant sobre musculatura i aconseguint millorar el to muscular facial, suavitzant arrugues Tesar l&#8217;oval facial i augmentant el col\u00b7lagen i l&#8217;elastina la sessi\u00f3 sol durar uns 40 a 50 minuts<\/p>\n<h2>Que aconseguirem?<\/h2>\n<ul>\n<li>Vaso-dil\u00b7lataci\u00f3 arterial que incrementa l&#8217;oxigenaci\u00f3 dels teixits<\/li>\n<li>Major permeabilitat de la membrana cel\u00b7lular millorant la de nutrici\u00f3 de la c\u00e8l\u00b7lula<\/li>\n<li>Acceleraci\u00f3 de processos reparadors cel\u00b7lulars<\/li>\n<li>Determinaci\u00f3 de formaci\u00f3 de col\u00e1geno<\/li>\n<\/ul>\n<h2>En qu\u00e8 consisteix la sessi\u00f3?<\/h2>\n<p>Despr\u00e9s d&#8217;haver netejat la pell, aplicarem els olis i cremes necess\u00e0ries que ens permetran treballar amb dos sistemes diferents en la mateixa sessi\u00f3 Capacitiu i resistiu, Per aix\u00f2 seran necessaris 2 maniples diferents que produiran l&#8217;energia en superf\u00edcie i en profunditat, segons el triat Es tracta de treballar sobre la pell de la cara i realitzant un confortable massatge amb aquests maniples, triant l&#8217;el\u00e8ctrode adequat per als diferents punts amb l&#8217;el\u00e8ctrode capacitiu trabaremos de manera superficial en epidermis fins a la capa c\u00f2rnia, reduint les l\u00ednies d&#8217;expressi\u00f3 i millorant la qualitat i lluminositat de la pell Amb l&#8217;el\u00e8ctrode resistiu aconseguirem arribar a capes m\u00e9s profundes treballant sobre musculatura i aconseguint millorar el to muscular facial, suavitzant arrugues Tesar l&#8217;oval facial i augmentant el col\u00b7lagen i l&#8217;elastina la sessi\u00f3 sol durar uns 40 a 50 minuts.<\/p>\n<h2>Que tractarem?<\/h2>\n<ul>\n<li style=\"list-style-type: none;\">\n<ul>\n<li>Tractaments per a la flacciditat i arrugues de la cara<\/li>\n<li>Tractaments de doble ment\u00f3: amb efecte reductor i reafirmant.<\/li>\n<li>Tractaments de bosses d&#8217;ulls<\/li>\n<li>Reducci\u00f3 de marques i cicatrius<\/li>\n<li>Pell apagada i envellida<\/li>\n<\/ul>\n<\/li>\n<\/ul>\n<h2>Per a quin tipus de pells \u00e9s?<\/h2>\n<p>\u00c9s per a tot tipus de pells, amb resultats m\u00e9s visibles en pells madures, tant en homes com en dones<\/p>\n<h2>Quantes sessions s\u00f3n necess\u00e0ries?<\/h2>\n<p>L&#8217;ideal s\u00f3n 6 sessions, 1 per setmana, passades aquestes el manteniment per mantenir els resultats obtinguts \u00e9s 1 sessi\u00f3 mensual Els resultats s\u00f3n visibles des de la primera sessi\u00f3 Demana la teva sessi\u00f3 de prova i gaudeix del teu moment de Relax i Benestar amb un resultat visible.<\/p>\n<p>Balneo \u00e9s el centre d&#8217;est\u00e8tica d&#8217;Aqua Sport Clubs a Vilanova i la Geltr\u00fa.<br \/>\nEns pots trobar a C. Solicrup 10, Vilanova i la Geltr\u00fa 08800, Barcelona.<\/p>\n<p style=\"text-align: center;\"><strong>Si vols un diagn\u00f2stic i una sessi\u00f3 de prova<\/strong><\/p>\n<p style=\"text-align: center;\"><span class=\"qode-btn-text\" style=\"margin-top: 0px !important;\"><a class=\"qode-btn qode-btn-medium qode-btn-solid spa_button qode-btn-default-hover\" style=\"margin-top: 0px !important;\" href=\"https:\/\/api.whatsapp.com\/send?phone=34607195951&amp;text=M'agradaria sol\u00b7licitar diagn\u00f2stic i sessi\u00f3 de prova de Radiofreq\u00fc\u00e8ncia Facial\" target=\"_blank\" rel=\"nofollow noopener\">SOL\u00b7LICITA AQU\u00cd<\/a><\/span><\/p>\n<p>[\/vc_column_text][\/vc_column][\/vc_row]<\/p>\n\n\n<div class=\"kk-star-ratings kksr-auto kksr-align-left kksr-valign-bottom\"\n    data-payload='{&quot;align&quot;:&quot;left&quot;,&quot;id&quot;:&quot;3648&quot;,&quot;slug&quot;:&quot;default&quot;,&quot;valign&quot;:&quot;bottom&quot;,&quot;ignore&quot;:&quot;&quot;,&quot;reference&quot;:&quot;auto&quot;,&quot;class&quot;:&quot;&quot;,&quot;count&quot;:&quot;0&quot;,&quot;legendonly&quot;:&quot;&quot;,&quot;readonly&quot;:&quot;&quot;,&quot;score&quot;:&quot;0&quot;,&quot;starsonly&quot;:&quot;&quot;,&quot;best&quot;:&quot;5&quot;,&quot;gap&quot;:&quot;5&quot;,&quot;greet&quot;:&quot;Rate this post&quot;,&quot;legend&quot;:&quot;0\\\/5 - (0 votos)&quot;,&quot;size&quot;:&quot;22&quot;,&quot;title&quot;:&quot;Radiofreq\\u00fc\\u00e8ncia Facial&quot;,&quot;width&quot;:&quot;0&quot;,&quot;_legend&quot;:&quot;{score}\\\/{best} - ({count} {votes})&quot;,&quot;font_factor&quot;:&quot;1.25&quot;}'>\n            \n<div class=\"kksr-stars\">\n    \n<div class=\"kksr-stars-inactive\">\n            <div class=\"kksr-star\" data-star=\"1\" style=\"padding-right: 5px\">\n            \n\n<div class=\"kksr-icon\" style=\"width: 22px; height: 22px;\"><\/div>\n        <\/div>\n            <div class=\"kksr-star\" data-star=\"2\" style=\"padding-right: 5px\">\n            \n\n<div class=\"kksr-icon\" style=\"width: 22px; height: 22px;\"><\/div>\n        <\/div>\n            <div class=\"kksr-star\" data-star=\"3\" style=\"padding-right: 5px\">\n            \n\n<div class=\"kksr-icon\" style=\"width: 22px; height: 22px;\"><\/div>\n        <\/div>\n            <div class=\"kksr-star\" data-star=\"4\" style=\"padding-right: 5px\">\n            \n\n<div class=\"kksr-icon\" style=\"width: 22px; height: 22px;\"><\/div>\n        <\/div>\n            <div class=\"kksr-star\" data-star=\"5\" style=\"padding-right: 5px\">\n            \n\n<div class=\"kksr-icon\" style=\"width: 22px; height: 22px;\"><\/div>\n        <\/div>\n    <\/div>\n    \n<div class=\"kksr-stars-active\" style=\"width: 0px;\">\n            <div class=\"kksr-star\" style=\"padding-right: 5px\">\n            \n\n<div class=\"kksr-icon\" style=\"width: 22px; height: 22px;\"><\/div>\n        <\/div>\n            <div class=\"kksr-star\" style=\"padding-right: 5px\">\n            \n\n<div class=\"kksr-icon\" style=\"width: 22px; height: 22px;\"><\/div>\n        <\/div>\n            <div class=\"kksr-star\" style=\"padding-right: 5px\">\n            \n\n<div class=\"kksr-icon\" style=\"width: 22px; height: 22px;\"><\/div>\n        <\/div>\n            <div class=\"kksr-star\" style=\"padding-right: 5px\">\n            \n\n<div class=\"kksr-icon\" style=\"width: 22px; height: 22px;\"><\/div>\n        <\/div>\n            <div class=\"kksr-star\" style=\"padding-right: 5px\">\n            \n\n<div class=\"kksr-icon\" style=\"width: 22px; height: 22px;\"><\/div>\n        <\/div>\n    <\/div>\n<\/div>\n                \n\n<div class=\"kksr-legend\" style=\"font-size: 17.6px;\">\n            <span class=\"kksr-muted\">Rate this post<\/span>\n    <\/div>\n    <\/div>\n","protected":false},"excerpt":{"rendered":"<p>Rejoveniment facial amb Radiofreq\u00fc\u00e8ncia a Vilanova i la Geltr\u00fa Qu\u00e8 \u00e9s la Radiofreq\u00fc\u00e8ncia Anti-edat facial? La radiofreq\u00fc\u00e8ncia Medestec\u00ae, \u00e9s una tecnologia que genera un corrent el\u00e8ctric d&#8217;alta freq\u00fc\u00e8ncia. \u00c9s una radiofreq\u00fc\u00e8ncia mico&#8230;<\/p>\n","protected":false},"author":4,"featured_media":3646,"comment_status":"open","ping_status":"open","sticky":false,"template":"","format":"standard","meta":{"footnotes":""},"categories":[26],"tags":[110,108,109],"acf":[],"yoast_head":"<!-- This site is optimized with the Yoast SEO plugin v19.11 - https:\/\/yoast.com\/wordpress\/plugins\/seo\/ -->\n<title>\u25b7 Radiofreq\u00fc\u00e8ncia per Rejoveniment Facial a Vilanova i la Geltr\u00fa<\/title>\n<meta name=\"description\" content=\"Tractaments per al rejoveniment facial amb radiofreq\u00fc\u00e8ncia a Vilanova i la Geltr\u00fa. Millora la teva cara i elimina aquestes arrugues molestes a Balneo.\" \/>\n<meta name=\"robots\" content=\"index, follow, max-snippet:-1, max-image-preview:large, max-video-preview:-1\" \/>\n<link rel=\"canonical\" href=\"https:\/\/www.aquasportclubs.com\/blog\/radiofrequencia-facial\/\" \/>\n<meta property=\"og:locale\" content=\"es_ES\" \/>\n<meta property=\"og:type\" content=\"article\" \/>\n<meta property=\"og:title\" content=\"\u25b7 Radiofreq\u00fc\u00e8ncia per Rejoveniment Facial a Vilanova i la Geltr\u00fa\" \/>\n<meta property=\"og:description\" content=\"Tractaments per al rejoveniment facial amb radiofreq\u00fc\u00e8ncia a Vilanova i la Geltr\u00fa. Tractaments antiedat, millora la teva cara i elimina aquestes arrugues molestes a Balneo.\" \/>\n<meta property=\"og:url\" content=\"https:\/\/www.aquasportclubs.com\/ca\/blog\/radiofrequencia-facial\/\" \/>\n<meta property=\"og:site_name\" content=\"Aqua Sport Clubs\" \/>\n<meta property=\"article:publisher\" content=\"https:\/\/www.facebook.com\/aquasportclubs\" \/>\n<meta property=\"article:published_time\" content=\"2019-03-01T18:02:57+00:00\" \/>\n<meta property=\"article:modified_time\" content=\"2019-06-28T15:24:26+00:00\" \/>\n<meta property=\"og:image\" content=\"https:\/\/www.aquasportclubs.com\/wp-content\/uploads\/2019\/03\/radiofrecuencia-rejuvenecimiento-facial.jpg\" \/>\n\t<meta property=\"og:image:width\" content=\"400\" \/>\n\t<meta property=\"og:image:height\" content=\"570\" \/>\n\t<meta property=\"og:image:type\" content=\"image\/jpeg\" \/>\n<meta name=\"author\" content=\"Aqua\" \/>\n<meta name=\"twitter:label1\" content=\"Escrito por\" \/>\n\t<meta name=\"twitter:data1\" content=\"Aqua\" \/>\n\t<meta name=\"twitter:label2\" content=\"Tiempo de lectura\" \/>\n\t<meta name=\"twitter:data2\" content=\"3 minutos\" \/>\n<script type=\"application\/ld+json\" class=\"yoast-schema-graph\">{\"@context\":\"https:\/\/schema.org\",\"@graph\":[{\"@type\":\"Article\",\"@id\":\"https:\/\/www.aquasportclubs.com\/ca\/blog\/radiofrequencia-facial\/#article\",\"isPartOf\":{\"@id\":\"https:\/\/www.aquasportclubs.com\/ca\/blog\/radiofrequencia-facial\/\"},\"author\":{\"name\":\"Aqua\",\"@id\":\"https:\/\/www.aquasportclubs.com\/#\/schema\/person\/2be3b410823b7272ef6664ee36aabb14\"},\"headline\":\"Radiofreq\u00fc\u00e8ncia Facial\",\"datePublished\":\"2019-03-01T18:02:57+00:00\",\"dateModified\":\"2019-06-28T15:24:26+00:00\",\"mainEntityOfPage\":{\"@id\":\"https:\/\/www.aquasportclubs.com\/ca\/blog\/radiofrequencia-facial\/\"},\"wordCount\":649,\"commentCount\":0,\"publisher\":{\"@id\":\"https:\/\/www.aquasportclubs.com\/#organization\"},\"keywords\":[\"antiedad\",\"radiofrecuencia\",\"rejuvenecimiento facial\"],\"articleSection\":[\"Est\u00e9tica\"],\"inLanguage\":\"es\",\"potentialAction\":[{\"@type\":\"CommentAction\",\"name\":\"Comment\",\"target\":[\"https:\/\/www.aquasportclubs.com\/ca\/blog\/radiofrequencia-facial\/#respond\"]}]},{\"@type\":\"WebPage\",\"@id\":\"https:\/\/www.aquasportclubs.com\/ca\/blog\/radiofrequencia-facial\/\",\"url\":\"https:\/\/www.aquasportclubs.com\/ca\/blog\/radiofrequencia-facial\/\",\"name\":\"\u25b7 Radiofreq\u00fc\u00e8ncia per Rejoveniment Facial a Vilanova i la Geltr\u00fa\",\"isPartOf\":{\"@id\":\"https:\/\/www.aquasportclubs.com\/#website\"},\"datePublished\":\"2019-03-01T18:02:57+00:00\",\"dateModified\":\"2019-06-28T15:24:26+00:00\",\"description\":\"Tractaments per al rejoveniment facial amb radiofreq\u00fc\u00e8ncia a Vilanova i la Geltr\u00fa. Millora la teva cara i elimina aquestes arrugues molestes a Balneo.\",\"breadcrumb\":{\"@id\":\"https:\/\/www.aquasportclubs.com\/ca\/blog\/radiofrequencia-facial\/#breadcrumb\"},\"inLanguage\":\"es\",\"potentialAction\":[{\"@type\":\"ReadAction\",\"target\":[\"https:\/\/www.aquasportclubs.com\/ca\/blog\/radiofrequencia-facial\/\"]}]},{\"@type\":\"BreadcrumbList\",\"@id\":\"https:\/\/www.aquasportclubs.com\/ca\/blog\/radiofrequencia-facial\/#breadcrumb\",\"itemListElement\":[{\"@type\":\"ListItem\",\"position\":1,\"name\":\"Portada\",\"item\":\"https:\/\/www.aquasportclubs.com\/\"},{\"@type\":\"ListItem\",\"position\":2,\"name\":\"Radiofreq\u00fc\u00e8ncia Facial\"}]},{\"@type\":\"WebSite\",\"@id\":\"https:\/\/www.aquasportclubs.com\/#website\",\"url\":\"https:\/\/www.aquasportclubs.com\/\",\"name\":\"Aqua Sport Clubs\",\"description\":\"Gimnasio Aqua Sport Clubs, club de padel y centro de est\u00e9tica en Vilanova i la Geltr\u00fa\",\"publisher\":{\"@id\":\"https:\/\/www.aquasportclubs.com\/#organization\"},\"potentialAction\":[{\"@type\":\"SearchAction\",\"target\":{\"@type\":\"EntryPoint\",\"urlTemplate\":\"https:\/\/www.aquasportclubs.com\/?s={search_term_string}\"},\"query-input\":\"required name=search_term_string\"}],\"inLanguage\":\"es\"},{\"@type\":\"Organization\",\"@id\":\"https:\/\/www.aquasportclubs.com\/#organization\",\"name\":\"Aqua Sport Clubs Vilanova\",\"url\":\"https:\/\/www.aquasportclubs.com\/\",\"logo\":{\"@type\":\"ImageObject\",\"inLanguage\":\"es\",\"@id\":\"https:\/\/www.aquasportclubs.com\/#\/schema\/logo\/image\/\",\"url\":\"https:\/\/www.aquasportclubs.com\/wp-content\/uploads\/2019\/01\/Logo_Aqua-nou-e1557131934702.png\",\"contentUrl\":\"https:\/\/www.aquasportclubs.com\/wp-content\/uploads\/2019\/01\/Logo_Aqua-nou-e1557131934702.png\",\"width\":137,\"height\":40,\"caption\":\"Aqua Sport Clubs Vilanova\"},\"image\":{\"@id\":\"https:\/\/www.aquasportclubs.com\/#\/schema\/logo\/image\/\"},\"sameAs\":[\"https:\/\/www.instagram.com\/aquasportclubs\/\",\"https:\/\/www.linkedin.com\/company\/aquasportclubs\/\",\"https:\/\/www.youtube.com\/channel\/UC1boG7pQQ3Qg7QcrrYh13gw\",\"https:\/\/www.facebook.com\/aquasportclubs\"]},{\"@type\":\"Person\",\"@id\":\"https:\/\/www.aquasportclubs.com\/#\/schema\/person\/2be3b410823b7272ef6664ee36aabb14\",\"name\":\"Aqua\",\"image\":{\"@type\":\"ImageObject\",\"inLanguage\":\"es\",\"@id\":\"https:\/\/www.aquasportclubs.com\/#\/schema\/person\/image\/\",\"url\":\"https:\/\/secure.gravatar.com\/avatar\/e7799c48c810d8bed43d71912e4dd6d0?s=96&d=mm&r=g\",\"contentUrl\":\"https:\/\/secure.gravatar.com\/avatar\/e7799c48c810d8bed43d71912e4dd6d0?s=96&d=mm&r=g\",\"caption\":\"Aqua\"},\"sameAs\":[\"http:\/\/www.aquasportclubs.com\"]}]}<\/script>\n<!-- \/ Yoast SEO plugin. -->","yoast_head_json":{"title":"\u25b7 Radiofreq\u00fc\u00e8ncia per Rejoveniment Facial a Vilanova i la Geltr\u00fa","description":"Tractaments per al rejoveniment facial amb radiofreq\u00fc\u00e8ncia a Vilanova i la Geltr\u00fa. Millora la teva cara i elimina aquestes arrugues molestes a Balneo.","robots":{"index":"index","follow":"follow","max-snippet":"max-snippet:-1","max-image-preview":"max-image-preview:large","max-video-preview":"max-video-preview:-1"},"canonical":"https:\/\/www.aquasportclubs.com\/blog\/radiofrequencia-facial\/","og_locale":"es_ES","og_type":"article","og_title":"\u25b7 Radiofreq\u00fc\u00e8ncia per Rejoveniment Facial a Vilanova i la Geltr\u00fa","og_description":"Tractaments per al rejoveniment facial amb radiofreq\u00fc\u00e8ncia a Vilanova i la Geltr\u00fa. Tractaments antiedat, millora la teva cara i elimina aquestes arrugues molestes a Balneo.","og_url":"https:\/\/www.aquasportclubs.com\/ca\/blog\/radiofrequencia-facial\/","og_site_name":"Aqua Sport Clubs","article_publisher":"https:\/\/www.facebook.com\/aquasportclubs","article_published_time":"2019-03-01T18:02:57+00:00","article_modified_time":"2019-06-28T15:24:26+00:00","og_image":[{"width":400,"height":570,"url":"https:\/\/www.aquasportclubs.com\/wp-content\/uploads\/2019\/03\/radiofrecuencia-rejuvenecimiento-facial.jpg","type":"image\/jpeg"}],"author":"Aqua","twitter_misc":{"Escrito por":"Aqua","Tiempo de lectura":"3 minutos"},"schema":{"@context":"https:\/\/schema.org","@graph":[{"@type":"Article","@id":"https:\/\/www.aquasportclubs.com\/ca\/blog\/radiofrequencia-facial\/#article","isPartOf":{"@id":"https:\/\/www.aquasportclubs.com\/ca\/blog\/radiofrequencia-facial\/"},"author":{"name":"Aqua","@id":"https:\/\/www.aquasportclubs.com\/#\/schema\/person\/2be3b410823b7272ef6664ee36aabb14"},"headline":"Radiofreq\u00fc\u00e8ncia Facial","datePublished":"2019-03-01T18:02:57+00:00","dateModified":"2019-06-28T15:24:26+00:00","mainEntityOfPage":{"@id":"https:\/\/www.aquasportclubs.com\/ca\/blog\/radiofrequencia-facial\/"},"wordCount":649,"commentCount":0,"publisher":{"@id":"https:\/\/www.aquasportclubs.com\/#organization"},"keywords":["antiedad","radiofrecuencia","rejuvenecimiento facial"],"articleSection":["Est\u00e9tica"],"inLanguage":"es","potentialAction":[{"@type":"CommentAction","name":"Comment","target":["https:\/\/www.aquasportclubs.com\/ca\/blog\/radiofrequencia-facial\/#respond"]}]},{"@type":"WebPage","@id":"https:\/\/www.aquasportclubs.com\/ca\/blog\/radiofrequencia-facial\/","url":"https:\/\/www.aquasportclubs.com\/ca\/blog\/radiofrequencia-facial\/","name":"\u25b7 Radiofreq\u00fc\u00e8ncia per Rejoveniment Facial a Vilanova i la Geltr\u00fa","isPartOf":{"@id":"https:\/\/www.aquasportclubs.com\/#website"},"datePublished":"2019-03-01T18:02:57+00:00","dateModified":"2019-06-28T15:24:26+00:00","description":"Tractaments per al rejoveniment facial amb radiofreq\u00fc\u00e8ncia a Vilanova i la Geltr\u00fa. Millora la teva cara i elimina aquestes arrugues molestes a Balneo.","breadcrumb":{"@id":"https:\/\/www.aquasportclubs.com\/ca\/blog\/radiofrequencia-facial\/#breadcrumb"},"inLanguage":"es","potentialAction":[{"@type":"ReadAction","target":["https:\/\/www.aquasportclubs.com\/ca\/blog\/radiofrequencia-facial\/"]}]},{"@type":"BreadcrumbList","@id":"https:\/\/www.aquasportclubs.com\/ca\/blog\/radiofrequencia-facial\/#breadcrumb","itemListElement":[{"@type":"ListItem","position":1,"name":"Portada","item":"https:\/\/www.aquasportclubs.com\/"},{"@type":"ListItem","position":2,"name":"Radiofreq\u00fc\u00e8ncia Facial"}]},{"@type":"WebSite","@id":"https:\/\/www.aquasportclubs.com\/#website","url":"https:\/\/www.aquasportclubs.com\/","name":"Aqua Sport Clubs","description":"Gimnasio Aqua Sport Clubs, club de padel y centro de est\u00e9tica en Vilanova i la Geltr\u00fa","publisher":{"@id":"https:\/\/www.aquasportclubs.com\/#organization"},"potentialAction":[{"@type":"SearchAction","target":{"@type":"EntryPoint","urlTemplate":"https:\/\/www.aquasportclubs.com\/?s={search_term_string}"},"query-input":"required name=search_term_string"}],"inLanguage":"es"},{"@type":"Organization","@id":"https:\/\/www.aquasportclubs.com\/#organization","name":"Aqua Sport Clubs Vilanova","url":"https:\/\/www.aquasportclubs.com\/","logo":{"@type":"ImageObject","inLanguage":"es","@id":"https:\/\/www.aquasportclubs.com\/#\/schema\/logo\/image\/","url":"https:\/\/www.aquasportclubs.com\/wp-content\/uploads\/2019\/01\/Logo_Aqua-nou-e1557131934702.png","contentUrl":"https:\/\/www.aquasportclubs.com\/wp-content\/uploads\/2019\/01\/Logo_Aqua-nou-e1557131934702.png","width":137,"height":40,"caption":"Aqua Sport Clubs Vilanova"},"image":{"@id":"https:\/\/www.aquasportclubs.com\/#\/schema\/logo\/image\/"},"sameAs":["https:\/\/www.instagram.com\/aquasportclubs\/","https:\/\/www.linkedin.com\/company\/aquasportclubs\/","https:\/\/www.youtube.com\/channel\/UC1boG7pQQ3Qg7QcrrYh13gw","https:\/\/www.facebook.com\/aquasportclubs"]},{"@type":"Person","@id":"https:\/\/www.aquasportclubs.com\/#\/schema\/person\/2be3b410823b7272ef6664ee36aabb14","name":"Aqua","image":{"@type":"ImageObject","inLanguage":"es","@id":"https:\/\/www.aquasportclubs.com\/#\/schema\/person\/image\/","url":"https:\/\/secure.gravatar.com\/avatar\/e7799c48c810d8bed43d71912e4dd6d0?s=96&d=mm&r=g","contentUrl":"https:\/\/secure.gravatar.com\/avatar\/e7799c48c810d8bed43d71912e4dd6d0?s=96&d=mm&r=g","caption":"Aqua"},"sameAs":["http:\/\/www.aquasportclubs.com"]}]}},"_links":{"self":[{"href":"https:\/\/www.aquasportclubs.com\/ca\/wp-json\/wp\/v2\/posts\/3648\/"}],"collection":[{"href":"https:\/\/www.aquasportclubs.com\/ca\/wp-json\/wp\/v2\/posts\/"}],"about":[{"href":"https:\/\/www.aquasportclubs.com\/ca\/wp-json\/wp\/v2\/types\/post\/"}],"author":[{"embeddable":true,"href":"https:\/\/www.aquasportclubs.com\/ca\/wp-json\/wp\/v2\/users\/4\/"}],"replies":[{"embeddable":true,"href":"https:\/\/www.aquasportclubs.com\/ca\/wp-json\/wp\/v2\/comments\/?post=3648"}],"version-history":[{"count":0,"href":"https:\/\/www.aquasportclubs.com\/ca\/wp-json\/wp\/v2\/posts\/3648\/revisions\/"}],"wp:featuredmedia":[{"embeddable":true,"href":"https:\/\/www.aquasportclubs.com\/ca\/wp-json\/wp\/v2\/media\/3646\/"}],"wp:attachment":[{"href":"https:\/\/www.aquasportclubs.com\/ca\/wp-json\/wp\/v2\/media\/?parent=3648"}],"wp:term":[{"taxonomy":"category","embeddable":true,"href":"https:\/\/www.aquasportclubs.com\/ca\/wp-json\/wp\/v2\/categories\/?post=3648"},{"taxonomy":"post_tag","embeddable":true,"href":"https:\/\/www.aquasportclubs.com\/ca\/wp-json\/wp\/v2\/tags\/?post=3648"}],"curies":[{"name":"wp","href":"https:\/\/api.w.org\/{rel}","templated":true}]}}