{"id":3590,"date":"2019-02-26T16:17:42","date_gmt":"2019-02-26T16:17:42","guid":{"rendered":"https:\/\/www.aquasportclubs.com\/blog\/mesoterapia-amb-electroporacio-copy\/"},"modified":"2023-11-24T16:13:27","modified_gmt":"2023-11-24T14:13:27","slug":"depilacio-laser-ipl","status":"publish","type":"post","link":"https:\/\/www.aquasportclubs.com\/ca\/blog\/depilacio-laser-vilanova-i-la-geltru\/","title":{"rendered":"Depilaci\u00f3 L\u00e0ser"},"content":{"rendered":"<h1><\/h1>\n<h1><img decoding=\"async\" class=\"alignnone size-full wp-image-7026\" src=\"https:\/\/www.aquasportclubs.com\/wp-content\/uploads\/2019\/02\/foto_laser.jpg\" alt=\"foto_laser\" width=\"1736\" height=\"2472\" srcset=\"https:\/\/www.aquasportclubs.com\/wp-content\/uploads\/2019\/02\/foto_laser.jpg 1736w, https:\/\/www.aquasportclubs.com\/wp-content\/uploads\/2019\/02\/foto_laser-211x300.jpg 211w, https:\/\/www.aquasportclubs.com\/wp-content\/uploads\/2019\/02\/foto_laser-719x1024.jpg 719w, https:\/\/www.aquasportclubs.com\/wp-content\/uploads\/2019\/02\/foto_laser-768x1094.jpg 768w, https:\/\/www.aquasportclubs.com\/wp-content\/uploads\/2019\/02\/foto_laser-1079x1536.jpg 1079w, https:\/\/www.aquasportclubs.com\/wp-content\/uploads\/2019\/02\/foto_laser-1438x2048.jpg 1438w, https:\/\/www.aquasportclubs.com\/wp-content\/uploads\/2019\/02\/foto_laser-700x997.jpg 700w\" sizes=\"(max-width: 1736px) 100vw, 1736px\" \/>Depilaci\u00f3 L\u00e0ser a Vilanova i la Geltr\u00fa<\/h1>\n<h4><em>Intentarem Resoldre uns quants dubtes sobre la Depilaci\u00f3 progressiva amb llum polsada.\u00a0\u00a0 <\/em><\/h4>\n<h3><strong>Que haig de triar L\u00e0ser o IPL?<\/strong><\/h3>\n<p>El l\u00e0ser \u00e9s un m\u00e8tode de foto depilaci\u00f3 (foto = llum) polsada<\/p>\n<p>En els nostres 10 anys d\u2019experi\u00e8ncia a Balneo hem tingut els diferents sistemes, IPL, L\u00e0ser de Diode i l\u2019equip actual Fotodepilaci\u00f3 L\u00e0ser (IPL de nova generaci\u00f3)<\/p>\n<p>Actualment fem servir la foto depilaci\u00f3 L\u00e0ser perqu\u00e8 la nostra ubicaci\u00f3 tant propera al mar, convida a prendre el sol molts mesos a l\u2019any i acostumem a estar bastant bronzejats, per tant el nostre fototip de pell es m\u00e9s alt, el IPL ens permet treballar sobre diferents fototips de pells i ens dona m\u00e9s seguretat en el que respecta a la protecci\u00f3 de la pell en front a possibles lesions.<\/p>\n<p><em>Aclarirem una mica de llenguatge t\u00e8cnic:<\/em><\/p>\n<p><strong>IPL,<\/strong> de l&#8217;angl\u00e8s Intense Pulsed Light<\/p>\n<p><strong>Nm<\/strong> = (mil milion\u00e8sima part d\u2019un metre) comunament s&#8217;utilitza per mesurar la longitud d&#8217;ona de la llum<\/p>\n<p><strong>Fototipus<\/strong> \u00e9s la capacitat de la pell per assimilar la radiaci\u00f3 solar. La seva Classificaci\u00f3 oscil\u00b7la entre I i VI Segons l&#8217;escala Fitzpatric dermat\u00f2leg de la Universitat de Harvard.<\/p>\n<p>Al principi, els primers equips que van apar\u00e8ixer de l\u00e0ser oferien m\u00e9s pot\u00e8ncia que els equips IPL. Mentre que un L\u00e0ser de D\u00edode per depilaci\u00f3 solia aconseguir 800 nm, un IPL treballava entre 400 a 600 nm.<\/p>\n<p>Un l\u00e0ser solia donar millor resposta en pells clares amb p\u00e8l fosc gruixut, i menor resposta en pells m\u00e9s fosques amb p\u00e8l m\u00e9s clar,<\/p>\n<p>Avui dia s&#8217;han ajustat els par\u00e0metres de la foto depilaci\u00f3 ( IPL) i podem\u00a0 treballar sobre diversos foto tipus de pell amb molt bons resultats.<\/p>\n<p>Ara\u00a0 els equips IPL arriben a aconseguir 1.200 nm i utilitzen filtres de diferents colors, que permeten donar cobertura als diferents tipus de pell i de p\u00e8ls amb uns grans resultats<\/p>\n<p>Aix\u00ed dons , podem dir que actualment l\u2019equip de IPL actual de Balneo, es mes vers\u00e0til a l\u2019hora de treballar en diferents tipus de pells i pels , amb major seguretat i donant uns resultats molt satisfactoris .<\/p>\n<h3><strong>Fa mal?<\/strong><strong>\u00a0<\/strong><\/h3>\n<p>No, no fa mal, de fet el sistema es pr\u00e0cticament indolor, malgrat tot la sensibilitat front al dolor varia molt de persona a persona , pel que fa que algunes persones notin certes mol\u00e8sties , que en algun cas justificaria l\u2019\u00fas de cremes anest\u00e8siques t\u00f2piques locals\u00a0 en alguna zona en concret.<strong>\u00a0<\/strong><\/p>\n<h3><strong>Em marxar\u00e0 tot el pel per sempre<\/strong>?<\/h3>\n<p>A Balneo aconseguim reduir entre un\u00a0 80% a un 90% dels p\u00e8ls.<\/p>\n<p>Aix\u00f2 es degut a que naixem amb un nombre de papil\u00b7les germinatives de p\u00e8ls que al llarg de la nostre vida\u00a0 i majorit\u00e0riament per tema hormonal naixeran i es convertiran en\u00a0 pels,<\/p>\n<p>Nomes quan son pels els podem eliminar, per aix\u00f2 tots aquelles papil\u00b7les\u00a0 germinatives que quedin latents podran sortir com a pels donant un resultat total de la nostra depilaci\u00f3 del 80%\u00a0 al 90% .<\/p>\n<p>Gaireb\u00e9 tothom tindr\u00e0 un resultat satisfactori si entra dins de uns par\u00e0metres<\/p>\n<p>Tan sols el 2% de les persones no obtenen bons resultats<\/p>\n<h5>No s\u00f3n depilables els p\u00e8ls vermells, o blancs ja que no tenen <strong><em>melanina <\/em><\/strong>i aquesta es la substancia que far\u00e0 de conductora al llarg del pel i fins la papil\u00b7la per dur la llum i transformar-la en l\u2019energia\u00a0 necess\u00e0ria per destruir el pel.<\/h5>\n<p>Els resultats s\u00f3n molt personals i dep\u00e8n de moltes variables,<\/p>\n<p>El mateix tractament amb els mateixos par\u00e0metres en dues persones diferents, poden\u00a0 donar diferents resultats.<\/p>\n<p>En general, un enorme percentatge de les persones que es fan el tractament noten resultats satisfactoris ven aviat, i aix\u00f2 anima acabar el tractament i seguir amb una altra zona i recordar-se de la depilaci\u00f3 un\u00a0 cop l&#8217;any per fer un rep\u00e0s.<\/p>\n<h3><strong>Quant dura el tractament?<\/strong><\/h3>\n<p>La durada del tractament dependr\u00e0 de alguns\u00a0 factors principals:<\/p>\n<p>\u00b7 El <strong>color de la pell<\/strong><\/p>\n<p>\u00b7 Color i <strong>gruix de p\u00e8l<\/strong>.<\/p>\n<p>Est\u00e0 clarament demostrat que els m\u00e9s r\u00e0pids resultats s&#8217;aconsegueixen en pells clares amb p\u00e8ls foscos i gruixuts ja que al tenir major quantitat de melanina aconsegueixen una major absorci\u00f3 de la llum.<\/p>\n<p>\u00b7 L\u2019<strong>edat<\/strong>, el <strong>sexe<\/strong> i l&#8217;<strong>estat hormonal<\/strong> i la zona tractada de la persona tindran bastant a veure amb el numero de sessions necess\u00e0ries. En cada sessi\u00f3 nom\u00e9s s&#8217;eliminen aquells p\u00e8ls que estan en fase an\u00e0gena, que contenen la suficient quantitat de melanina per absorbir la llum i amb aix\u00f2, provocar el seu escalfament i destrucci\u00f3. Peri\u00f2dicament, fol\u00b7licles pilosos que estan en fase de rep\u00f2s, s&#8217;activen i inicien el seu creixement. Les sessions de manteniment tenen per objecte destruir aquests p\u00e8ls nous.<\/p>\n<h3><strong>Que haig de fer abans de la sessio?<\/strong><\/h3>\n<p>No s&#8217;ha d&#8217;haver exposat al sol o al UVA, entre 10 a 15 dies\u00a0 abans de la sessi\u00f3 segons el seu fototip de pell o el bronzejada que estigui aquest.\u00a0En cas d&#8217;estar sota tractament farmacol\u00f2gic ha de notificar sempre al terapeuta abans d&#8217;iniciar la sessi\u00f3 de fotodepilaci\u00f3.\u00a0Entre sessi\u00f3 i sessi\u00f3, pot rasurar la zona amb rasuradora\u00a0 o crema depilat\u00f2ria. Mai amb cera, depilaci\u00f3 el\u00e8ctrica o pinces. Si no ha manipulat la zona, el mateix dia de la sessi\u00f3 procedirem al rasurat per evitar que la llum es desvi\u00ef cap al p\u00e8l perif\u00e8ric, per\u00f2 millor\u00a0 rasurar 3 dies abans de la sessi\u00f3 per no irritar la pell amb la rasuradora.\u00a0La setmana pr\u00e8via d&#8217;evitar l&#8217;\u00fas de productes exfoliants (p\u00edlings). Consultar pr\u00e8viament al terapeuta si pot iniciar (o continuar) amb qualsevol tractament sobre la zona a depilar. El dia previst per a la depilaci\u00f3, podr\u00e0 dutxar-se o rentar-se com de costum, evitant l&#8217;aplicaci\u00f3 de productes que continguin alcohol o parabens (sobretot en cremes) en les hores pr\u00e8vies i posteriors a la sessi\u00f3.<\/p>\n<h3><strong>En que consisteix la sessi\u00f3?<\/strong><strong>\u00a0<\/strong><\/h3>\n<p>Abans de realitzar la primera sessi\u00f3, a Balneo et farem un petit q\u00fcestionari per saber si hi ha alguna contraindicaci\u00f3 per poder fer-te el tractament, estat de salut, medicaci\u00f3 (podria ser foto sensibilitzant) &#8230;<\/p>\n<p>Un cop hem informant del procediment signarem el consentiment informat i passarem a cabina, acomodem al client i ens protegim amb ulleres especials tant client com a terapeuta (a fi de no perjudicar als nostres ulls). El terapeuta, triar\u00e0 els par\u00e0metres a treballar, segons el tipus de pell i de p\u00e8l del client i comen\u00e7arem la sessi\u00f3. Un cop acabada la sessi\u00f3 el terapeuta aplicar\u00e0 un gel (normalment de \u00e0loe vera) per recuperar la pell exposada als efectes de la llum polsada.<\/p>\n<p>La vida d&#8217;un p\u00e8l es compon de tres fases. Els cicles del p\u00e8l passen per 3 fases denominades: an\u00e0gena, cat\u00e0gena i tel\u00f2gena. Per\u00f2 en cada sessi\u00f3 nom\u00e9s \u00e9s possible eliminar aquells p\u00e8ls que es troben en fase an\u00e0gena. Podem afirmar per la nostra experi\u00e8ncia que generalment seran necess\u00e0ries entre 5 i 8 sessions espaiades 5-8 setmanes entre elles per aconseguir la completa eliminaci\u00f3 del borrissol indesitjat. El nostre equip compta amb un efica\u00e7 sistema de filtres que limita la longitud d&#8217;ona de la llum garantint aix\u00ed la innocu\u00eftat del tractament i reduint qualsevol possibilitat de produir grans cremades o dany en els teixits adjacents.<\/p>\n<h3><strong>Que s\u00f3n els fototips i quin soc jo?<\/strong><\/h3>\n<p>Com hem dit al principi el fototip, \u00e9s la capacitat de la pell per assimilar la radiaci\u00f3 solar. La seva Classificaci\u00f3 oscil\u00b7la entre I i VI Segons l&#8217;escala Fitzpatric dermat\u00f2leg de la Universitat de Harvard<\/p>\n<p><strong>Fototip I:<\/strong> Persones de pell molt p\u00e0l\u00b7lida, Generalment P\u00e8l-rojos, amb una pell que gaireb\u00e9 sempre es crema, just es bronzejant\u00a0 i solen patir reaccions fotoal\u00b7l\u00e8rgiques a exposar-se de manera prolongada\u00a0 a la llum solar directa.<\/p>\n<p><strong>Fototip II<\/strong>: Persones de pell blanca, sensible i delicada, en general de cabells rossos o clars. Igual que les de fototip I, Tot just es bronzegen, amb reaccions fotoal\u00b7l\u00e8rgiques en cas d&#8217;exposici\u00f3 prolongada al sol.<\/p>\n<p><strong>Fototip III<\/strong>: \u00c9s el m\u00e9s com\u00fa, i correspon a persones amb cabells castanys i pells intermitges, que es posen vermelles primer i es bronzegen despr\u00e9s de una gran exposici\u00f3 al sol.<\/p>\n<p><strong>Fototip IV<\/strong>: Pertany a les persones de cabells negres, de pells fosques que es bronzegen amb rapidesa a l&#8217;exposar-se al sol directe, normalment meditarranis.<\/p>\n<p><strong>Fototip V<\/strong>: Persones la pell es m\u00e9s fosca\u00a0 que la del fototip IV. Pells llatines i mulates<\/p>\n<p><strong>Fototip VI<\/strong>: Persones de pell molt fosca (Tradicionalment anomenada \u00abpell negra\u00bb),<\/p>\n<h3><strong>Es econ\u00f2micament Rentable?<\/strong><\/h3>\n<p>Molt, es molt rentable amb diferents sentits, en primer lloc es rentable perqu\u00e8 un cop eliminat el pel no invertir\u00e0s mes <strong>temps<\/strong>\u00a0 en depilar-te, amb una mitja de 5 a 8 sessions realitzades en el termini de 1 any, haur\u00e0s acabat amb el p\u00e8l.<\/p>\n<p>Es rentable perqu\u00e8 comparat amb la depilaci\u00f3 a cera que es de las que mes temps et mante depilat, la diferencia de <strong>preu per sessi\u00f3<\/strong> no arriba al 40% mes i el resultat es la eliminaci\u00f3 permanent del pel, mentre que amb la cera tornar\u00e0 a sortir\u00a0 tot el p\u00e8l.<\/p>\n<h3><strong>Es igual per dona que per home?<\/strong><\/h3>\n<p>Si, a Balneo Vilanova i la Geltr\u00fa depilem a tant a dones com a homes, es cert que hi ha diferencies de la depilaci\u00f3 femenina a la masculina.<\/p>\n<p>Les dones solen depilar-se aixelles, engonals, i cames, amb una mitja de 6 sessions per zona segons la edat amb uns resultats molt satisfactoris<\/p>\n<p>Mentre que el home sol depilar-se el pit, esquena i cames i acostuma a necessitar unes 10 sessions per obtenir el resultat satisfactori, aix\u00f2 es degut a que l\u2019home produeix mes hormones andr\u00f2genes que son les responsables de fer sortir p\u00e8l.<\/p>\n<p><em><strong>Esperem haver aclarir els dubtes sobre la Depilaci\u00f3 amb llum polsada.<\/strong><\/em><\/p>\n<p><strong><em>Si necessiteu m\u00e9s informaci\u00f3 estem a la vostra disposici\u00f3 a <\/em><\/strong><strong><em>Balneo Aqua Vilanova i la Geltr\u00fa<\/em><\/strong><\/p>\n<p style=\"text-align: center;\"><strong>SI T&#8217;INTERESA REBRE INFORMACI\u00d3 SOBRE LA DEPILACI\u00d3 L\u00c0SER DEMANA M\u00c9S INFORMACI\u00d3<\/strong><\/p>\n<p style=\"text-align: center;\"><span class=\"qode-btn-text\" style=\"margin-top: 0px !important;\"><a class=\"qode-btn qode-btn-medium qode-btn-solid spa_button qode-btn-default-hover\" style=\"margin-top: 0px !important;\" href=\"https:\/\/api.whatsapp.com\/send?phone=34607195951&amp;text=M'agradaria rebre informaci\u00f3 i tarifes sobre la depilaci\u00f3 l\u00e0ser\" target=\"_blank\" rel=\"nofollow noopener\">SOL\u00b7LICITA INFORMACI\u00d3<\/a><\/span><\/p>\n\n\n<div class=\"kk-star-ratings kksr-auto kksr-align-left kksr-valign-bottom\"\n    data-payload='{&quot;align&quot;:&quot;left&quot;,&quot;id&quot;:&quot;3590&quot;,&quot;slug&quot;:&quot;default&quot;,&quot;valign&quot;:&quot;bottom&quot;,&quot;ignore&quot;:&quot;&quot;,&quot;reference&quot;:&quot;auto&quot;,&quot;class&quot;:&quot;&quot;,&quot;count&quot;:&quot;0&quot;,&quot;legendonly&quot;:&quot;&quot;,&quot;readonly&quot;:&quot;&quot;,&quot;score&quot;:&quot;0&quot;,&quot;starsonly&quot;:&quot;&quot;,&quot;best&quot;:&quot;5&quot;,&quot;gap&quot;:&quot;5&quot;,&quot;greet&quot;:&quot;Rate this post&quot;,&quot;legend&quot;:&quot;0\\\/5 - (0 votos)&quot;,&quot;size&quot;:&quot;22&quot;,&quot;title&quot;:&quot;Depilaci\\u00f3 L\\u00e0ser&quot;,&quot;width&quot;:&quot;0&quot;,&quot;_legend&quot;:&quot;{score}\\\/{best} - ({count} {votes})&quot;,&quot;font_factor&quot;:&quot;1.25&quot;}'>\n            \n<div class=\"kksr-stars\">\n    \n<div class=\"kksr-stars-inactive\">\n            <div class=\"kksr-star\" data-star=\"1\" style=\"padding-right: 5px\">\n            \n\n<div class=\"kksr-icon\" style=\"width: 22px; height: 22px;\"><\/div>\n        <\/div>\n            <div class=\"kksr-star\" data-star=\"2\" style=\"padding-right: 5px\">\n            \n\n<div class=\"kksr-icon\" style=\"width: 22px; height: 22px;\"><\/div>\n        <\/div>\n            <div class=\"kksr-star\" data-star=\"3\" style=\"padding-right: 5px\">\n            \n\n<div class=\"kksr-icon\" style=\"width: 22px; height: 22px;\"><\/div>\n        <\/div>\n            <div class=\"kksr-star\" data-star=\"4\" style=\"padding-right: 5px\">\n            \n\n<div class=\"kksr-icon\" style=\"width: 22px; height: 22px;\"><\/div>\n        <\/div>\n            <div class=\"kksr-star\" data-star=\"5\" style=\"padding-right: 5px\">\n            \n\n<div class=\"kksr-icon\" style=\"width: 22px; height: 22px;\"><\/div>\n        <\/div>\n    <\/div>\n    \n<div class=\"kksr-stars-active\" style=\"width: 0px;\">\n            <div class=\"kksr-star\" style=\"padding-right: 5px\">\n            \n\n<div class=\"kksr-icon\" style=\"width: 22px; height: 22px;\"><\/div>\n        <\/div>\n            <div class=\"kksr-star\" style=\"padding-right: 5px\">\n            \n\n<div class=\"kksr-icon\" style=\"width: 22px; height: 22px;\"><\/div>\n        <\/div>\n            <div class=\"kksr-star\" style=\"padding-right: 5px\">\n            \n\n<div class=\"kksr-icon\" style=\"width: 22px; height: 22px;\"><\/div>\n        <\/div>\n            <div class=\"kksr-star\" style=\"padding-right: 5px\">\n            \n\n<div class=\"kksr-icon\" style=\"width: 22px; height: 22px;\"><\/div>\n        <\/div>\n            <div class=\"kksr-star\" style=\"padding-right: 5px\">\n            \n\n<div class=\"kksr-icon\" style=\"width: 22px; height: 22px;\"><\/div>\n        <\/div>\n    <\/div>\n<\/div>\n                \n\n<div class=\"kksr-legend\" style=\"font-size: 17.6px;\">\n            <span class=\"kksr-muted\">Rate this post<\/span>\n    <\/div>\n    <\/div>\n","protected":false},"excerpt":{"rendered":"<p>Depilaci\u00f3 L\u00e0ser a Vilanova i la Geltr\u00fa Intentarem Resoldre uns quants dubtes sobre la Depilaci\u00f3 progressiva amb llum polsada.\u00a0\u00a0 Que haig de triar L\u00e0ser o IPL? El l\u00e0ser \u00e9s un m\u00e8tode de&#8230;<\/p>\n","protected":false},"author":4,"featured_media":7026,"comment_status":"open","ping_status":"open","sticky":false,"template":"","format":"standard","meta":{"footnotes":""},"categories":[26],"tags":[123,122],"acf":[],"yoast_head":"<!-- This site is optimized with the Yoast SEO plugin v19.11 - https:\/\/yoast.com\/wordpress\/plugins\/seo\/ -->\n<title>\u25b7 Depilaci\u00f3 L\u00e0ser IPL a Vilanova i la Geltr\u00fa | Aqua Sport Clubs<\/title>\n<meta name=\"description\" content=\"Depilaci\u00f3 L\u00e0ser a Vilanova i la Geltr\u00fa per acabar amb els p\u00e8ls de forma definitiva. Amb la millor tecnologia. Balneo Aqua.\" \/>\n<meta name=\"robots\" content=\"index, follow, max-snippet:-1, max-image-preview:large, max-video-preview:-1\" \/>\n<link rel=\"canonical\" href=\"https:\/\/www.aquasportclubs.com\/blog\/depilacio-laser-vilanova-i-la-geltru\/\" \/>\n<meta property=\"og:locale\" content=\"es_ES\" \/>\n<meta property=\"og:type\" content=\"article\" \/>\n<meta property=\"og:title\" content=\"\u25b7 Depilaci\u00f3 L\u00e0ser IPL a Vilanova i la Geltr\u00fa | Aqua Sport Clubs\" \/>\n<meta property=\"og:description\" content=\"Depilaci\u00f3 L\u00e0ser a Vilanova i la Geltr\u00fa per acabar amb els p\u00e8ls de forma definitiva. Amb la millor tecnologia. Balneo Aqua.\" \/>\n<meta property=\"og:url\" content=\"https:\/\/www.aquasportclubs.com\/ca\/blog\/depilacio-laser-vilanova-i-la-geltru\/\" \/>\n<meta property=\"og:site_name\" content=\"Aqua Sport Clubs\" \/>\n<meta property=\"article:publisher\" content=\"https:\/\/www.facebook.com\/aquasportclubs\" \/>\n<meta property=\"article:published_time\" content=\"2019-02-26T16:17:42+00:00\" \/>\n<meta property=\"article:modified_time\" content=\"2023-11-24T14:13:27+00:00\" \/>\n<meta property=\"og:image\" content=\"https:\/\/www.aquasportclubs.com\/wp-content\/uploads\/2019\/02\/foto_laser-719x1024.jpg\" \/>\n\t<meta property=\"og:image:width\" content=\"719\" \/>\n\t<meta property=\"og:image:height\" content=\"1024\" \/>\n\t<meta property=\"og:image:type\" content=\"image\/jpeg\" \/>\n<meta name=\"author\" content=\"Aqua\" \/>\n<meta name=\"twitter:label1\" content=\"Escrito por\" \/>\n\t<meta name=\"twitter:data1\" content=\"Aqua\" \/>\n\t<meta name=\"twitter:label2\" content=\"Tiempo de lectura\" \/>\n\t<meta name=\"twitter:data2\" content=\"8 minutos\" \/>\n<script type=\"application\/ld+json\" class=\"yoast-schema-graph\">{\"@context\":\"https:\/\/schema.org\",\"@graph\":[{\"@type\":\"Article\",\"@id\":\"https:\/\/www.aquasportclubs.com\/ca\/blog\/depilacio-laser-vilanova-i-la-geltru\/#article\",\"isPartOf\":{\"@id\":\"https:\/\/www.aquasportclubs.com\/ca\/blog\/depilacio-laser-vilanova-i-la-geltru\/\"},\"author\":{\"name\":\"Aqua\",\"@id\":\"https:\/\/www.aquasportclubs.com\/#\/schema\/person\/2be3b410823b7272ef6664ee36aabb14\"},\"headline\":\"Depilaci\u00f3 L\u00e0ser\",\"datePublished\":\"2019-02-26T16:17:42+00:00\",\"dateModified\":\"2023-11-24T14:13:27+00:00\",\"mainEntityOfPage\":{\"@id\":\"https:\/\/www.aquasportclubs.com\/ca\/blog\/depilacio-laser-vilanova-i-la-geltru\/\"},\"wordCount\":1681,\"commentCount\":0,\"publisher\":{\"@id\":\"https:\/\/www.aquasportclubs.com\/#organization\"},\"keywords\":[\"depilaci\u00f3 IPL\",\"depilaci\u00f3n l\u00e1ser\"],\"articleSection\":[\"Est\u00e9tica\"],\"inLanguage\":\"es\",\"potentialAction\":[{\"@type\":\"CommentAction\",\"name\":\"Comment\",\"target\":[\"https:\/\/www.aquasportclubs.com\/ca\/blog\/depilacio-laser-vilanova-i-la-geltru\/#respond\"]}]},{\"@type\":\"WebPage\",\"@id\":\"https:\/\/www.aquasportclubs.com\/ca\/blog\/depilacio-laser-vilanova-i-la-geltru\/\",\"url\":\"https:\/\/www.aquasportclubs.com\/ca\/blog\/depilacio-laser-vilanova-i-la-geltru\/\",\"name\":\"\u25b7 Depilaci\u00f3 L\u00e0ser IPL a Vilanova i la Geltr\u00fa | Aqua Sport Clubs\",\"isPartOf\":{\"@id\":\"https:\/\/www.aquasportclubs.com\/#website\"},\"datePublished\":\"2019-02-26T16:17:42+00:00\",\"dateModified\":\"2023-11-24T14:13:27+00:00\",\"description\":\"Depilaci\u00f3 L\u00e0ser a Vilanova i la Geltr\u00fa per acabar amb els p\u00e8ls de forma definitiva. Amb la millor tecnologia. Balneo Aqua.\",\"breadcrumb\":{\"@id\":\"https:\/\/www.aquasportclubs.com\/ca\/blog\/depilacio-laser-vilanova-i-la-geltru\/#breadcrumb\"},\"inLanguage\":\"es\",\"potentialAction\":[{\"@type\":\"ReadAction\",\"target\":[\"https:\/\/www.aquasportclubs.com\/ca\/blog\/depilacio-laser-vilanova-i-la-geltru\/\"]}]},{\"@type\":\"BreadcrumbList\",\"@id\":\"https:\/\/www.aquasportclubs.com\/ca\/blog\/depilacio-laser-vilanova-i-la-geltru\/#breadcrumb\",\"itemListElement\":[{\"@type\":\"ListItem\",\"position\":1,\"name\":\"Portada\",\"item\":\"https:\/\/www.aquasportclubs.com\/\"},{\"@type\":\"ListItem\",\"position\":2,\"name\":\"Depilaci\u00f3 L\u00e0ser\"}]},{\"@type\":\"WebSite\",\"@id\":\"https:\/\/www.aquasportclubs.com\/#website\",\"url\":\"https:\/\/www.aquasportclubs.com\/\",\"name\":\"Aqua Sport Clubs\",\"description\":\"Gimnasio Aqua Sport Clubs, club de padel y centro de est\u00e9tica en Vilanova i la Geltr\u00fa\",\"publisher\":{\"@id\":\"https:\/\/www.aquasportclubs.com\/#organization\"},\"potentialAction\":[{\"@type\":\"SearchAction\",\"target\":{\"@type\":\"EntryPoint\",\"urlTemplate\":\"https:\/\/www.aquasportclubs.com\/?s={search_term_string}\"},\"query-input\":\"required name=search_term_string\"}],\"inLanguage\":\"es\"},{\"@type\":\"Organization\",\"@id\":\"https:\/\/www.aquasportclubs.com\/#organization\",\"name\":\"Aqua Sport Clubs Vilanova\",\"url\":\"https:\/\/www.aquasportclubs.com\/\",\"logo\":{\"@type\":\"ImageObject\",\"inLanguage\":\"es\",\"@id\":\"https:\/\/www.aquasportclubs.com\/#\/schema\/logo\/image\/\",\"url\":\"https:\/\/www.aquasportclubs.com\/wp-content\/uploads\/2019\/01\/Logo_Aqua-nou-e1557131934702.png\",\"contentUrl\":\"https:\/\/www.aquasportclubs.com\/wp-content\/uploads\/2019\/01\/Logo_Aqua-nou-e1557131934702.png\",\"width\":137,\"height\":40,\"caption\":\"Aqua Sport Clubs Vilanova\"},\"image\":{\"@id\":\"https:\/\/www.aquasportclubs.com\/#\/schema\/logo\/image\/\"},\"sameAs\":[\"https:\/\/www.instagram.com\/aquasportclubs\/\",\"https:\/\/www.linkedin.com\/company\/aquasportclubs\/\",\"https:\/\/www.youtube.com\/channel\/UC1boG7pQQ3Qg7QcrrYh13gw\",\"https:\/\/www.facebook.com\/aquasportclubs\"]},{\"@type\":\"Person\",\"@id\":\"https:\/\/www.aquasportclubs.com\/#\/schema\/person\/2be3b410823b7272ef6664ee36aabb14\",\"name\":\"Aqua\",\"image\":{\"@type\":\"ImageObject\",\"inLanguage\":\"es\",\"@id\":\"https:\/\/www.aquasportclubs.com\/#\/schema\/person\/image\/\",\"url\":\"https:\/\/secure.gravatar.com\/avatar\/e7799c48c810d8bed43d71912e4dd6d0?s=96&d=mm&r=g\",\"contentUrl\":\"https:\/\/secure.gravatar.com\/avatar\/e7799c48c810d8bed43d71912e4dd6d0?s=96&d=mm&r=g\",\"caption\":\"Aqua\"},\"sameAs\":[\"http:\/\/www.aquasportclubs.com\"]}]}<\/script>\n<!-- \/ Yoast SEO plugin. -->","yoast_head_json":{"title":"\u25b7 Depilaci\u00f3 L\u00e0ser IPL a Vilanova i la Geltr\u00fa | Aqua Sport Clubs","description":"Depilaci\u00f3 L\u00e0ser a Vilanova i la Geltr\u00fa per acabar amb els p\u00e8ls de forma definitiva. Amb la millor tecnologia. Balneo Aqua.","robots":{"index":"index","follow":"follow","max-snippet":"max-snippet:-1","max-image-preview":"max-image-preview:large","max-video-preview":"max-video-preview:-1"},"canonical":"https:\/\/www.aquasportclubs.com\/blog\/depilacio-laser-vilanova-i-la-geltru\/","og_locale":"es_ES","og_type":"article","og_title":"\u25b7 Depilaci\u00f3 L\u00e0ser IPL a Vilanova i la Geltr\u00fa | Aqua Sport Clubs","og_description":"Depilaci\u00f3 L\u00e0ser a Vilanova i la Geltr\u00fa per acabar amb els p\u00e8ls de forma definitiva. Amb la millor tecnologia. Balneo Aqua.","og_url":"https:\/\/www.aquasportclubs.com\/ca\/blog\/depilacio-laser-vilanova-i-la-geltru\/","og_site_name":"Aqua Sport Clubs","article_publisher":"https:\/\/www.facebook.com\/aquasportclubs","article_published_time":"2019-02-26T16:17:42+00:00","article_modified_time":"2023-11-24T14:13:27+00:00","og_image":[{"width":719,"height":1024,"url":"https:\/\/www.aquasportclubs.com\/wp-content\/uploads\/2019\/02\/foto_laser-719x1024.jpg","type":"image\/jpeg"}],"author":"Aqua","twitter_misc":{"Escrito por":"Aqua","Tiempo de lectura":"8 minutos"},"schema":{"@context":"https:\/\/schema.org","@graph":[{"@type":"Article","@id":"https:\/\/www.aquasportclubs.com\/ca\/blog\/depilacio-laser-vilanova-i-la-geltru\/#article","isPartOf":{"@id":"https:\/\/www.aquasportclubs.com\/ca\/blog\/depilacio-laser-vilanova-i-la-geltru\/"},"author":{"name":"Aqua","@id":"https:\/\/www.aquasportclubs.com\/#\/schema\/person\/2be3b410823b7272ef6664ee36aabb14"},"headline":"Depilaci\u00f3 L\u00e0ser","datePublished":"2019-02-26T16:17:42+00:00","dateModified":"2023-11-24T14:13:27+00:00","mainEntityOfPage":{"@id":"https:\/\/www.aquasportclubs.com\/ca\/blog\/depilacio-laser-vilanova-i-la-geltru\/"},"wordCount":1681,"commentCount":0,"publisher":{"@id":"https:\/\/www.aquasportclubs.com\/#organization"},"keywords":["depilaci\u00f3 IPL","depilaci\u00f3n l\u00e1ser"],"articleSection":["Est\u00e9tica"],"inLanguage":"es","potentialAction":[{"@type":"CommentAction","name":"Comment","target":["https:\/\/www.aquasportclubs.com\/ca\/blog\/depilacio-laser-vilanova-i-la-geltru\/#respond"]}]},{"@type":"WebPage","@id":"https:\/\/www.aquasportclubs.com\/ca\/blog\/depilacio-laser-vilanova-i-la-geltru\/","url":"https:\/\/www.aquasportclubs.com\/ca\/blog\/depilacio-laser-vilanova-i-la-geltru\/","name":"\u25b7 Depilaci\u00f3 L\u00e0ser IPL a Vilanova i la Geltr\u00fa | Aqua Sport Clubs","isPartOf":{"@id":"https:\/\/www.aquasportclubs.com\/#website"},"datePublished":"2019-02-26T16:17:42+00:00","dateModified":"2023-11-24T14:13:27+00:00","description":"Depilaci\u00f3 L\u00e0ser a Vilanova i la Geltr\u00fa per acabar amb els p\u00e8ls de forma definitiva. Amb la millor tecnologia. Balneo Aqua.","breadcrumb":{"@id":"https:\/\/www.aquasportclubs.com\/ca\/blog\/depilacio-laser-vilanova-i-la-geltru\/#breadcrumb"},"inLanguage":"es","potentialAction":[{"@type":"ReadAction","target":["https:\/\/www.aquasportclubs.com\/ca\/blog\/depilacio-laser-vilanova-i-la-geltru\/"]}]},{"@type":"BreadcrumbList","@id":"https:\/\/www.aquasportclubs.com\/ca\/blog\/depilacio-laser-vilanova-i-la-geltru\/#breadcrumb","itemListElement":[{"@type":"ListItem","position":1,"name":"Portada","item":"https:\/\/www.aquasportclubs.com\/"},{"@type":"ListItem","position":2,"name":"Depilaci\u00f3 L\u00e0ser"}]},{"@type":"WebSite","@id":"https:\/\/www.aquasportclubs.com\/#website","url":"https:\/\/www.aquasportclubs.com\/","name":"Aqua Sport Clubs","description":"Gimnasio Aqua Sport Clubs, club de padel y centro de est\u00e9tica en Vilanova i la Geltr\u00fa","publisher":{"@id":"https:\/\/www.aquasportclubs.com\/#organization"},"potentialAction":[{"@type":"SearchAction","target":{"@type":"EntryPoint","urlTemplate":"https:\/\/www.aquasportclubs.com\/?s={search_term_string}"},"query-input":"required name=search_term_string"}],"inLanguage":"es"},{"@type":"Organization","@id":"https:\/\/www.aquasportclubs.com\/#organization","name":"Aqua Sport Clubs Vilanova","url":"https:\/\/www.aquasportclubs.com\/","logo":{"@type":"ImageObject","inLanguage":"es","@id":"https:\/\/www.aquasportclubs.com\/#\/schema\/logo\/image\/","url":"https:\/\/www.aquasportclubs.com\/wp-content\/uploads\/2019\/01\/Logo_Aqua-nou-e1557131934702.png","contentUrl":"https:\/\/www.aquasportclubs.com\/wp-content\/uploads\/2019\/01\/Logo_Aqua-nou-e1557131934702.png","width":137,"height":40,"caption":"Aqua Sport Clubs Vilanova"},"image":{"@id":"https:\/\/www.aquasportclubs.com\/#\/schema\/logo\/image\/"},"sameAs":["https:\/\/www.instagram.com\/aquasportclubs\/","https:\/\/www.linkedin.com\/company\/aquasportclubs\/","https:\/\/www.youtube.com\/channel\/UC1boG7pQQ3Qg7QcrrYh13gw","https:\/\/www.facebook.com\/aquasportclubs"]},{"@type":"Person","@id":"https:\/\/www.aquasportclubs.com\/#\/schema\/person\/2be3b410823b7272ef6664ee36aabb14","name":"Aqua","image":{"@type":"ImageObject","inLanguage":"es","@id":"https:\/\/www.aquasportclubs.com\/#\/schema\/person\/image\/","url":"https:\/\/secure.gravatar.com\/avatar\/e7799c48c810d8bed43d71912e4dd6d0?s=96&d=mm&r=g","contentUrl":"https:\/\/secure.gravatar.com\/avatar\/e7799c48c810d8bed43d71912e4dd6d0?s=96&d=mm&r=g","caption":"Aqua"},"sameAs":["http:\/\/www.aquasportclubs.com"]}]}},"_links":{"self":[{"href":"https:\/\/www.aquasportclubs.com\/ca\/wp-json\/wp\/v2\/posts\/3590\/"}],"collection":[{"href":"https:\/\/www.aquasportclubs.com\/ca\/wp-json\/wp\/v2\/posts\/"}],"about":[{"href":"https:\/\/www.aquasportclubs.com\/ca\/wp-json\/wp\/v2\/types\/post\/"}],"author":[{"embeddable":true,"href":"https:\/\/www.aquasportclubs.com\/ca\/wp-json\/wp\/v2\/users\/4\/"}],"replies":[{"embeddable":true,"href":"https:\/\/www.aquasportclubs.com\/ca\/wp-json\/wp\/v2\/comments\/?post=3590"}],"version-history":[{"count":2,"href":"https:\/\/www.aquasportclubs.com\/ca\/wp-json\/wp\/v2\/posts\/3590\/revisions\/"}],"predecessor-version":[{"id":7030,"href":"https:\/\/www.aquasportclubs.com\/ca\/wp-json\/wp\/v2\/posts\/3590\/revisions\/7030\/"}],"wp:featuredmedia":[{"embeddable":true,"href":"https:\/\/www.aquasportclubs.com\/ca\/wp-json\/wp\/v2\/media\/7026\/"}],"wp:attachment":[{"href":"https:\/\/www.aquasportclubs.com\/ca\/wp-json\/wp\/v2\/media\/?parent=3590"}],"wp:term":[{"taxonomy":"category","embeddable":true,"href":"https:\/\/www.aquasportclubs.com\/ca\/wp-json\/wp\/v2\/categories\/?post=3590"},{"taxonomy":"post_tag","embeddable":true,"href":"https:\/\/www.aquasportclubs.com\/ca\/wp-json\/wp\/v2\/tags\/?post=3590"}],"curies":[{"name":"wp","href":"https:\/\/api.w.org\/{rel}","templated":true}]}}